{"id":1840,"date":"2024-07-02T15:08:42","date_gmt":"2024-07-02T13:08:42","guid":{"rendered":"https:\/\/www.agri-pdb.org\/agri-pdb-acoge-el-segundo-grupo-de-trabajo-sobre-agroecologia\/"},"modified":"2024-10-03T14:22:56","modified_gmt":"2024-10-03T12:22:56","slug":"agri-pdb-segundo-grupo-trabajo-agroecologia","status":"publish","type":"post","link":"https:\/\/www.agri-pdb.org\/es\/agri-pdb-segundo-grupo-trabajo-agroecologia\/","title":{"rendered":"Agri-PDB acoge el segundo grupo de trabajo sobre agroecolog\u00eda"},"content":{"rendered":"\r\n<p>Bienvenue sur WordPress. Ceci est votre premier article. Modifiez-le ou supprimez-le, puis commencez \u00e0 \u00e9crire !<\/p>\r\n","protected":false},"excerpt":{"rendered":"<p>Bienvenue sur WordPress. Ceci est votre premier article. Modifiez-le ou supprimez-le, puis commencez \u00e0 \u00e9crire !<\/p>\n","protected":false},"author":2,"featured_media":1670,"comment_status":"open","ping_status":"open","sticky":false,"template":"","format":"standard","meta":{"inline_featured_image":false,"footnotes":""},"categories":[16],"tags":[],"acf":[],"yoast_head":"<!-- This site is optimized with the Yoast SEO plugin v22.3 - https:\/\/yoast.com\/wordpress\/plugins\/seo\/ -->\n<title>Agri-PDB acoge el segundo grupo de trabajo sobre agroecolog\u00eda - Agri-PDB<\/title>\n<meta name=\"description\" content=\"La Plataforma Agri-PDB organiz\u00f3 el segundo grupo de trabajo para debatir la integraci\u00f3n de la agroecolog\u00eda en la banca p\u00fablica de desarrollo, con presentaciones y debates de expertos e instituciones mundiales.\" \/>\n<meta name=\"robots\" content=\"index, follow, max-snippet:-1, max-image-preview:large, max-video-preview:-1\" \/>\n<link rel=\"canonical\" href=\"https:\/\/www.agri-pdb.org\/es\/agri-pdb-segundo-grupo-trabajo-agroecologia\/\" \/>\n<meta property=\"og:locale\" content=\"es_ES\" \/>\n<meta property=\"og:type\" content=\"article\" \/>\n<meta property=\"og:title\" content=\"Agri-PDB acoge el segundo grupo de trabajo sobre agroecolog\u00eda - Agri-PDB\" \/>\n<meta property=\"og:description\" content=\"La Plataforma Agri-PDB organiz\u00f3 el segundo grupo de trabajo para debatir la integraci\u00f3n de la agroecolog\u00eda en la banca p\u00fablica de desarrollo, con presentaciones y debates de expertos e instituciones mundiales.\" \/>\n<meta property=\"og:url\" content=\"https:\/\/www.agri-pdb.org\/es\/agri-pdb-segundo-grupo-trabajo-agroecologia\/\" \/>\n<meta property=\"og:site_name\" content=\"Agri-PDB\" \/>\n<meta property=\"article:published_time\" content=\"2024-07-02T13:08:42+00:00\" \/>\n<meta property=\"article:modified_time\" content=\"2024-10-03T12:22:56+00:00\" \/>\n<meta property=\"og:image\" content=\"https:\/\/www.agri-pdb.org\/wp-content\/uploads\/2024\/07\/agroecology-transitrion.jpg\" \/>\n\t<meta property=\"og:image:width\" content=\"1440\" \/>\n\t<meta property=\"og:image:height\" content=\"700\" \/>\n\t<meta property=\"og:image:type\" content=\"image\/jpeg\" \/>\n<meta name=\"author\" content=\"Marie Przybyla\" \/>\n<meta name=\"twitter:card\" content=\"summary_large_image\" \/>\n<meta name=\"twitter:label1\" content=\"Written by\" \/>\n\t<meta name=\"twitter:data1\" content=\"Marie Przybyla\" \/>\n\t<meta name=\"twitter:label2\" content=\"Est. reading time\" \/>\n\t<meta name=\"twitter:data2\" content=\"1 minuto\" \/>\n<script type=\"application\/ld+json\" class=\"yoast-schema-graph\">{\"@context\":\"https:\/\/schema.org\",\"@graph\":[{\"@type\":\"WebPage\",\"@id\":\"https:\/\/www.agri-pdb.org\/es\/agri-pdb-segundo-grupo-trabajo-agroecologia\/\",\"url\":\"https:\/\/www.agri-pdb.org\/es\/agri-pdb-segundo-grupo-trabajo-agroecologia\/\",\"name\":\"Agri-PDB acoge el segundo grupo de trabajo sobre agroecolog\u00eda - Agri-PDB\",\"isPartOf\":{\"@id\":\"https:\/\/www.agri-pdb.org\/es\/#website\"},\"primaryImageOfPage\":{\"@id\":\"https:\/\/www.agri-pdb.org\/es\/agri-pdb-segundo-grupo-trabajo-agroecologia\/#primaryimage\"},\"image\":{\"@id\":\"https:\/\/www.agri-pdb.org\/es\/agri-pdb-segundo-grupo-trabajo-agroecologia\/#primaryimage\"},\"thumbnailUrl\":\"https:\/\/www.agri-pdb.org\/wp-content\/uploads\/2024\/07\/agroecology-transitrion.jpg\",\"datePublished\":\"2024-07-02T13:08:42+00:00\",\"dateModified\":\"2024-10-03T12:22:56+00:00\",\"author\":{\"@id\":\"https:\/\/www.agri-pdb.org\/es\/#\/schema\/person\/63b62d75ab37650bcc2ab01c3f9bc580\"},\"description\":\"La Plataforma Agri-PDB organiz\u00f3 el segundo grupo de trabajo para debatir la integraci\u00f3n de la agroecolog\u00eda en la banca p\u00fablica de desarrollo, con presentaciones y debates de expertos e instituciones mundiales.\",\"breadcrumb\":{\"@id\":\"https:\/\/www.agri-pdb.org\/es\/agri-pdb-segundo-grupo-trabajo-agroecologia\/#breadcrumb\"},\"inLanguage\":\"es\",\"potentialAction\":[{\"@type\":\"ReadAction\",\"target\":[\"https:\/\/www.agri-pdb.org\/es\/agri-pdb-segundo-grupo-trabajo-agroecologia\/\"]}]},{\"@type\":\"ImageObject\",\"inLanguage\":\"es\",\"@id\":\"https:\/\/www.agri-pdb.org\/es\/agri-pdb-segundo-grupo-trabajo-agroecologia\/#primaryimage\",\"url\":\"https:\/\/www.agri-pdb.org\/wp-content\/uploads\/2024\/07\/agroecology-transitrion.jpg\",\"contentUrl\":\"https:\/\/www.agri-pdb.org\/wp-content\/uploads\/2024\/07\/agroecology-transitrion.jpg\",\"width\":1440,\"height\":700},{\"@type\":\"BreadcrumbList\",\"@id\":\"https:\/\/www.agri-pdb.org\/es\/agri-pdb-segundo-grupo-trabajo-agroecologia\/#breadcrumb\",\"itemListElement\":[{\"@type\":\"ListItem\",\"position\":1,\"name\":\"Home\",\"item\":\"https:\/\/www.agri-pdb.org\/es\/\"},{\"@type\":\"ListItem\",\"position\":2,\"name\":\"Agri-PDB acoge el segundo grupo de trabajo sobre agroecolog\u00eda\"}]},{\"@type\":\"WebSite\",\"@id\":\"https:\/\/www.agri-pdb.org\/es\/#website\",\"url\":\"https:\/\/www.agri-pdb.org\/es\/\",\"name\":\"Agri-PDB\",\"description\":\"\",\"potentialAction\":[{\"@type\":\"SearchAction\",\"target\":{\"@type\":\"EntryPoint\",\"urlTemplate\":\"https:\/\/www.agri-pdb.org\/es\/?s={search_term_string}\"},\"query-input\":\"required name=search_term_string\"}],\"inLanguage\":\"es\"},{\"@type\":\"Person\",\"@id\":\"https:\/\/www.agri-pdb.org\/es\/#\/schema\/person\/63b62d75ab37650bcc2ab01c3f9bc580\",\"name\":\"Marie Przybyla\",\"url\":\"https:\/\/www.agri-pdb.org\/es\/author\/marie_przybyla\/\"}]}<\/script>\n<!-- \/ Yoast SEO plugin. -->","yoast_head_json":{"title":"Agri-PDB acoge el segundo grupo de trabajo sobre agroecolog\u00eda - Agri-PDB","description":"La Plataforma Agri-PDB organiz\u00f3 el segundo grupo de trabajo para debatir la integraci\u00f3n de la agroecolog\u00eda en la banca p\u00fablica de desarrollo, con presentaciones y debates de expertos e instituciones mundiales.","robots":{"index":"index","follow":"follow","max-snippet":"max-snippet:-1","max-image-preview":"max-image-preview:large","max-video-preview":"max-video-preview:-1"},"canonical":"https:\/\/www.agri-pdb.org\/es\/agri-pdb-segundo-grupo-trabajo-agroecologia\/","og_locale":"es_ES","og_type":"article","og_title":"Agri-PDB acoge el segundo grupo de trabajo sobre agroecolog\u00eda - Agri-PDB","og_description":"La Plataforma Agri-PDB organiz\u00f3 el segundo grupo de trabajo para debatir la integraci\u00f3n de la agroecolog\u00eda en la banca p\u00fablica de desarrollo, con presentaciones y debates de expertos e instituciones mundiales.","og_url":"https:\/\/www.agri-pdb.org\/es\/agri-pdb-segundo-grupo-trabajo-agroecologia\/","og_site_name":"Agri-PDB","article_published_time":"2024-07-02T13:08:42+00:00","article_modified_time":"2024-10-03T12:22:56+00:00","og_image":[{"width":1440,"height":700,"url":"https:\/\/www.agri-pdb.org\/wp-content\/uploads\/2024\/07\/agroecology-transitrion.jpg","type":"image\/jpeg"}],"author":"Marie Przybyla","twitter_card":"summary_large_image","twitter_misc":{"Written by":"Marie Przybyla","Est. reading time":"1 minuto"},"schema":{"@context":"https:\/\/schema.org","@graph":[{"@type":"WebPage","@id":"https:\/\/www.agri-pdb.org\/es\/agri-pdb-segundo-grupo-trabajo-agroecologia\/","url":"https:\/\/www.agri-pdb.org\/es\/agri-pdb-segundo-grupo-trabajo-agroecologia\/","name":"Agri-PDB acoge el segundo grupo de trabajo sobre agroecolog\u00eda - Agri-PDB","isPartOf":{"@id":"https:\/\/www.agri-pdb.org\/es\/#website"},"primaryImageOfPage":{"@id":"https:\/\/www.agri-pdb.org\/es\/agri-pdb-segundo-grupo-trabajo-agroecologia\/#primaryimage"},"image":{"@id":"https:\/\/www.agri-pdb.org\/es\/agri-pdb-segundo-grupo-trabajo-agroecologia\/#primaryimage"},"thumbnailUrl":"https:\/\/www.agri-pdb.org\/wp-content\/uploads\/2024\/07\/agroecology-transitrion.jpg","datePublished":"2024-07-02T13:08:42+00:00","dateModified":"2024-10-03T12:22:56+00:00","author":{"@id":"https:\/\/www.agri-pdb.org\/es\/#\/schema\/person\/63b62d75ab37650bcc2ab01c3f9bc580"},"description":"La Plataforma Agri-PDB organiz\u00f3 el segundo grupo de trabajo para debatir la integraci\u00f3n de la agroecolog\u00eda en la banca p\u00fablica de desarrollo, con presentaciones y debates de expertos e instituciones mundiales.","breadcrumb":{"@id":"https:\/\/www.agri-pdb.org\/es\/agri-pdb-segundo-grupo-trabajo-agroecologia\/#breadcrumb"},"inLanguage":"es","potentialAction":[{"@type":"ReadAction","target":["https:\/\/www.agri-pdb.org\/es\/agri-pdb-segundo-grupo-trabajo-agroecologia\/"]}]},{"@type":"ImageObject","inLanguage":"es","@id":"https:\/\/www.agri-pdb.org\/es\/agri-pdb-segundo-grupo-trabajo-agroecologia\/#primaryimage","url":"https:\/\/www.agri-pdb.org\/wp-content\/uploads\/2024\/07\/agroecology-transitrion.jpg","contentUrl":"https:\/\/www.agri-pdb.org\/wp-content\/uploads\/2024\/07\/agroecology-transitrion.jpg","width":1440,"height":700},{"@type":"BreadcrumbList","@id":"https:\/\/www.agri-pdb.org\/es\/agri-pdb-segundo-grupo-trabajo-agroecologia\/#breadcrumb","itemListElement":[{"@type":"ListItem","position":1,"name":"Home","item":"https:\/\/www.agri-pdb.org\/es\/"},{"@type":"ListItem","position":2,"name":"Agri-PDB acoge el segundo grupo de trabajo sobre agroecolog\u00eda"}]},{"@type":"WebSite","@id":"https:\/\/www.agri-pdb.org\/es\/#website","url":"https:\/\/www.agri-pdb.org\/es\/","name":"Agri-PDB","description":"","potentialAction":[{"@type":"SearchAction","target":{"@type":"EntryPoint","urlTemplate":"https:\/\/www.agri-pdb.org\/es\/?s={search_term_string}"},"query-input":"required name=search_term_string"}],"inLanguage":"es"},{"@type":"Person","@id":"https:\/\/www.agri-pdb.org\/es\/#\/schema\/person\/63b62d75ab37650bcc2ab01c3f9bc580","name":"Marie Przybyla","url":"https:\/\/www.agri-pdb.org\/es\/author\/marie_przybyla\/"}]}},"_links":{"self":[{"href":"https:\/\/www.agri-pdb.org\/es\/wp-json\/wp\/v2\/posts\/1840"}],"collection":[{"href":"https:\/\/www.agri-pdb.org\/es\/wp-json\/wp\/v2\/posts"}],"about":[{"href":"https:\/\/www.agri-pdb.org\/es\/wp-json\/wp\/v2\/types\/post"}],"author":[{"embeddable":true,"href":"https:\/\/www.agri-pdb.org\/es\/wp-json\/wp\/v2\/users\/2"}],"replies":[{"embeddable":true,"href":"https:\/\/www.agri-pdb.org\/es\/wp-json\/wp\/v2\/comments?post=1840"}],"version-history":[{"count":2,"href":"https:\/\/www.agri-pdb.org\/es\/wp-json\/wp\/v2\/posts\/1840\/revisions"}],"predecessor-version":[{"id":1967,"href":"https:\/\/www.agri-pdb.org\/es\/wp-json\/wp\/v2\/posts\/1840\/revisions\/1967"}],"wp:featuredmedia":[{"embeddable":true,"href":"https:\/\/www.agri-pdb.org\/es\/wp-json\/wp\/v2\/media\/1670"}],"wp:attachment":[{"href":"https:\/\/www.agri-pdb.org\/es\/wp-json\/wp\/v2\/media?parent=1840"}],"wp:term":[{"taxonomy":"category","embeddable":true,"href":"https:\/\/www.agri-pdb.org\/es\/wp-json\/wp\/v2\/categories?post=1840"},{"taxonomy":"post_tag","embeddable":true,"href":"https:\/\/www.agri-pdb.org\/es\/wp-json\/wp\/v2\/tags?post=1840"}],"curies":[{"name":"wp","href":"https:\/\/api.w.org\/{rel}","templated":true}]}}